
{"id":1225,"date":"2024-08-08T14:47:45","date_gmt":"2024-08-08T13:47:45","guid":{"rendered":"https:\/\/www.primor.eu\/blog\/pt\/?p=1225"},"modified":"2026-01-29T09:02:22","modified_gmt":"2026-01-29T09:02:22","slug":"melhores-tonicos-para-pele-sensivel","status":"publish","type":"post","link":"https:\/\/www.primor.eu\/blog\/pt\/melhores-tonicos-para-pele-sensivel\/","title":{"rendered":"Os 13 melhores t\u00f3nicos para pele sens\u00edvel de 2026"},"content":{"rendered":"\n<p>Os <strong>t\u00f3nicos<\/strong> s\u00e3o frequentemente esquecidos, mas desempenham um papel essencial no cuidado da pele. Al\u00e9m de tonificarem e proporcionarem hidrata\u00e7\u00e3o, eliminam as c\u00e9lulas mortas e impurezas da superf\u00edcie do rosto, deixando a pele mais limpa e fresca. S\u00e3o particularmente ben\u00e9ficos para <strong>peles sens\u00edveis<\/strong>, uma vez que preparam a pele para absorver melhor outros produtos, aumentando a sua efic\u00e1cia.<\/p>\n\n\n\n<h2 class=\"wp-block-heading\">Quando se aplica o t\u00f3nico facial?<\/h2>\n\n\n\n<p>Num <strong>ritual completo de cuidados de pele<\/strong>, o t\u00f3nico \u00e9 o <strong>quarto passo<\/strong>. Deve ser usado depois da limpeza e das m\u00e1scaras faciais, mas antes de aplicares qualquer <strong>booster<\/strong> ou <strong>s\u00e9rum<\/strong>. Este passo \u00e9 importante para preparar a pele para os pr\u00f3ximos produtos, maximizando a sua efic\u00e1cia.<\/p>\n\n\n\n<h2 class=\"wp-block-heading\">Benef\u00edcios de usar t\u00f3nicos<\/h2>\n\n\n\n<p>Os t\u00f3nicos oferecem v\u00e1rios benef\u00edcios al\u00e9m de tonificarem e melhorarem a firmeza da pele:<\/p>\n\n\n\n<ul class=\"wp-block-list\">\n<li>Fecham os poros. <\/li>\n\n\n\n<li>Ativam a circula\u00e7\u00e3o e refrescam a pele. <\/li>\n\n\n\n<li>Regulam o pH, fortalecendo a barreira cut\u00e2nea. <\/li>\n\n\n\n<li>Melhoram a absor\u00e7\u00e3o de outros cosm\u00e9ticos como s\u00e9runs e cremes. <\/li>\n\n\n\n<li>Controlam o excesso de sebo. <\/li>\n\n\n\n<li>Combatem e previnem o acne. <\/li>\n\n\n\n<li>Proporcionam luminosidade enquanto nutrem a pele. <\/li>\n<\/ul>\n\n\n\n<h2 class=\"wp-block-heading\">Qual \u00e9 a diferen\u00e7a entre \u00e1gua micelar e t\u00f3nico?<\/h2>\n\n\n\n<p>N\u00e3o te enganes: embora as <strong>\u00e1guas micelares<\/strong> e os <strong>t\u00f3nicos<\/strong> pare\u00e7am semelhantes, t\u00eam fun\u00e7\u00f5es distintas. As \u00e1guas micelares removem a <strong>maquilhagem<\/strong> e as part\u00edculas de <strong>sujidade<\/strong>, limpando a pele. J\u00e1 os t\u00f3nicos ajudam a <strong>equilibrar o pH<\/strong> da pele ap\u00f3s a limpeza, preparando-a para os tratamentos seguintes. Ambos s\u00e3o complementares e podem ser usados juntos para uma rotina de cuidados mais completa e eficaz.<\/p>\n\n\n\n<h2 class=\"wp-block-heading\">Escolher o t<\/h2>\n\n\n\n<ul class=\"wp-block-list\">\n<li><strong>T\u00f3nico para Pele Oleosa<\/strong>: Opta por t\u00f3nicos com \u00e1cidos, como o glic\u00f3lico, que ajudam a remover c\u00e9lulas mortas e a limpar os poros em profundidade.<\/li>\n\n\n\n<li><strong>T\u00f3nico para Pele Sens\u00edvel<\/strong>: Escolhe os que n\u00e3o t\u00eam \u00e1lcool, com ingredientes calmantes e propriedades anti-inflamat\u00f3rias, como a niacinamida.<\/li>\n\n\n\n<li><strong>T\u00f3nico para Pele Seca<\/strong>: Prefere os mais hidratantes com ingredientes como \u00e1cido hialur\u00f3nico ou extrato de am\u00eandoas doces.<\/li>\n<\/ul>\n\n\n\n<h2 class=\"wp-block-heading\">Quais s\u00e3o os melhores t\u00f3nicos para peles sens\u00edveis?<\/h2>\n\n\n        <product-table >\r\n            <product-headers class=\"grid-table-rows\">\r\n                <div>Foto<\/div>\r\n                <div>Produto<\/div>\r\n                <div>Marca<\/div>\r\n                <div>Avalia\u00e7\u00f5es<\/div>\r\n                <div>Pre\u00e7o<\/div>\r\n            <\/product-headers>\r\n\r\n            <product-list>\r\n                                    <a href=\"https:\/\/www.primor.eu\/pt_pt\/la-mer-the-essential-tonico-96536.html\" class=\"product-item grid-table-rows\" target=\"_blank\">\r\n                        <div>\r\n                            <img decoding=\"async\" class=\"product-img\" width=\"80px\" height=\"80px\" src=\"https:\/\/www.primor.eu\/blog\/pt\/wp-content\/uploads\/2024\/09\/747930107743_1_e8a4.jpg\" alt=\"\" title=\"\">\r\n                        <\/div>\r\n\r\n                        <!-- Contenido de producto  -->\r\n                        <div>\r\n                            <div class=\"product-position\">\r\n                                #1 Mais Vendidos                            <\/div>\r\n\r\n                            <h2>\r\n                                La Mer The Essential Tonic                            <\/h2>\r\n                        <\/div>\r\n\r\n                        <!-- Imagen y\/o nombre de la marca -->\r\n                        <div>\r\n                                                            <img decoding=\"async\" width=\"70\" src=\"https:\/\/www.primor.eu\/blog\/pt\/wp-content\/uploads\/2024\/09\/La_Mer_1.jpg\" alt=\"\" title=\"\">\r\n                                                    <\/div>\r\n\r\n                        <!-- Puntuaci\u00f3n del producto  -->\r\n                        <div class=\"rating\">\r\n                                                            <div class=\"rate\" style=\"--p:100;\"><\/div>\r\n                                <b>5\/5<\/b>\r\n                                <div class=\"rate-stars\">\r\n                                                                            <div\r\n                                            class=\"rate-star  \">\r\n                                        <\/div>\r\n                                                                            <div\r\n                                            class=\"rate-star  \">\r\n                                        <\/div>\r\n                                                                            <div\r\n                                            class=\"rate-star  \">\r\n                                        <\/div>\r\n                                                                            <div\r\n                                            class=\"rate-star  \">\r\n                                        <\/div>\r\n                                                                            <div\r\n                                            class=\"rate-star  \">\r\n                                        <\/div>\r\n                                                                    <\/div>\r\n                                                    <\/div>\r\n\r\n                        <!-- Bot\u00f3n de producto  -->\r\n                        <div>\r\n                            <span class=\"price-claim\">\r\n                                VER PRE\u00c7O                            <\/span>\r\n                        <\/div>\r\n                    <\/a>\r\n                                    <a href=\"https:\/\/www.primor.eu\/pt_pt\/lancaster-gel-de-limpeza-expresso-refrescante-28471.html\" class=\"product-item grid-table-rows\" target=\"_blank\">\r\n                        <div>\r\n                            <img decoding=\"async\" class=\"product-img\" width=\"80px\" height=\"80px\" src=\"https:\/\/www.primor.eu\/blog\/pt\/wp-content\/uploads\/2024\/09\/0TF22040_1_4410.jpg\" alt=\"\" title=\"\">\r\n                        <\/div>\r\n\r\n                        <!-- Contenido de producto  -->\r\n                        <div>\r\n                            <div class=\"product-position\">\r\n                                #2                            <\/div>\r\n\r\n                            <h2>\r\n                                Lancaster Refreshing Express Cleanser T\u00f3nico de limpeza                            <\/h2>\r\n                        <\/div>\r\n\r\n                        <!-- Imagen y\/o nombre de la marca -->\r\n                        <div>\r\n                                                            <img decoding=\"async\" width=\"70\" src=\"https:\/\/www.primor.eu\/blog\/pt\/wp-content\/uploads\/2024\/09\/lancaster.png\" alt=\"\" title=\"\">\r\n                                                    <\/div>\r\n\r\n                        <!-- Puntuaci\u00f3n del producto  -->\r\n                        <div class=\"rating\">\r\n                                                            <div class=\"rate\" style=\"--p:100;\"><\/div>\r\n                                <b>5\/5<\/b>\r\n                                <div class=\"rate-stars\">\r\n                                                                            <div\r\n                                            class=\"rate-star  \">\r\n                                        <\/div>\r\n                                                                            <div\r\n                                            class=\"rate-star  \">\r\n                                        <\/div>\r\n                                                                            <div\r\n                                            class=\"rate-star  \">\r\n                                        <\/div>\r\n                                                                            <div\r\n                                            class=\"rate-star  \">\r\n                                        <\/div>\r\n                                                                            <div\r\n                                            class=\"rate-star  \">\r\n                                        <\/div>\r\n                                                                    <\/div>\r\n                                                    <\/div>\r\n\r\n                        <!-- Bot\u00f3n de producto  -->\r\n                        <div>\r\n                            <span class=\"price-claim\">\r\n                                VER PRE\u00c7O                            <\/span>\r\n                        <\/div>\r\n                    <\/a>\r\n                                    <a href=\"https:\/\/www.primor.eu\/pt_pt\/estee-lauder-re-nutriv-tonico-intensivo-27565.html\" class=\"product-item grid-table-rows\" target=\"_blank\">\r\n                        <div>\r\n                            <img decoding=\"async\" class=\"product-img\" width=\"80px\" height=\"80px\" src=\"https:\/\/www.primor.eu\/blog\/pt\/wp-content\/uploads\/2024\/09\/0TF00712_1_d09d.jpg\" alt=\"\" title=\"\">\r\n                        <\/div>\r\n\r\n                        <!-- Contenido de producto  -->\r\n                        <div>\r\n                            <div class=\"product-position\">\r\n                                #3                            <\/div>\r\n\r\n                            <h2>\r\n                                Est\u00e9e Lauder T\u00f3nico Re-Nutriv Intensive                            <\/h2>\r\n                        <\/div>\r\n\r\n                        <!-- Imagen y\/o nombre de la marca -->\r\n                        <div>\r\n                                                            <img decoding=\"async\" width=\"70\" src=\"https:\/\/www.primor.eu\/blog\/pt\/wp-content\/uploads\/2024\/09\/Estee_Lauder.png\" alt=\"\" title=\"\">\r\n                                                    <\/div>\r\n\r\n                        <!-- Puntuaci\u00f3n del producto  -->\r\n                        <div class=\"rating\">\r\n                                                            <div class=\"rate\" style=\"--p:100;\"><\/div>\r\n                                <b>5\/5<\/b>\r\n                                <div class=\"rate-stars\">\r\n                                                                            <div\r\n                                            class=\"rate-star  \">\r\n                                        <\/div>\r\n                                                                            <div\r\n                                            class=\"rate-star  \">\r\n                                        <\/div>\r\n                                                                            <div\r\n                                            class=\"rate-star  \">\r\n                                        <\/div>\r\n                                                                            <div\r\n                                            class=\"rate-star  \">\r\n                                        <\/div>\r\n                                                                            <div\r\n                                            class=\"rate-star  \">\r\n                                        <\/div>\r\n                                                                    <\/div>\r\n                                                    <\/div>\r\n\r\n                        <!-- Bot\u00f3n de producto  -->\r\n                        <div>\r\n                            <span class=\"price-claim\">\r\n                                VER PRE\u00c7O                            <\/span>\r\n                        <\/div>\r\n                    <\/a>\r\n                                    <a href=\"https:\/\/www.primor.eu\/pt_pt\/clarins-loc-o-suavizante-loc-o-suavizante-e-tonificante-pele-muito-seca-ou-sensivel-28140.html\" class=\"product-item grid-table-rows\" target=\"_blank\">\r\n                        <div>\r\n                            <img decoding=\"async\" class=\"product-img\" width=\"80px\" height=\"80px\" src=\"https:\/\/www.primor.eu\/blog\/pt\/wp-content\/uploads\/2024\/09\/0TF19306_1_fee9.jpg\" alt=\"\" title=\"\">\r\n                        <\/div>\r\n\r\n                        <!-- Contenido de producto  -->\r\n                        <div>\r\n                            <div class=\"product-position\">\r\n                                #4                            <\/div>\r\n\r\n                            <h2>\r\n                                Clarins Soothing Toning Lotion                            <\/h2>\r\n                        <\/div>\r\n\r\n                        <!-- Imagen y\/o nombre de la marca -->\r\n                        <div>\r\n                                                            <img decoding=\"async\" width=\"70\" src=\"https:\/\/www.primor.eu\/blog\/pt\/wp-content\/uploads\/2024\/09\/clarins.png\" alt=\"\" title=\"\">\r\n                                                    <\/div>\r\n\r\n                        <!-- Puntuaci\u00f3n del producto  -->\r\n                        <div class=\"rating\">\r\n                                                            <div class=\"rate\" style=\"--p:100;\"><\/div>\r\n                                <b>5\/5<\/b>\r\n                                <div class=\"rate-stars\">\r\n                                                                            <div\r\n                                            class=\"rate-star  \">\r\n                                        <\/div>\r\n                                                                            <div\r\n                                            class=\"rate-star  \">\r\n                                        <\/div>\r\n                                                                            <div\r\n                                            class=\"rate-star  \">\r\n                                        <\/div>\r\n                                                                            <div\r\n                                            class=\"rate-star  \">\r\n                                        <\/div>\r\n                                                                            <div\r\n                                            class=\"rate-star  \">\r\n                                        <\/div>\r\n                                                                    <\/div>\r\n                                                    <\/div>\r\n\r\n                        <!-- Bot\u00f3n de producto  -->\r\n                        <div>\r\n                            <span class=\"price-claim\">\r\n                                VER PRE\u00c7O                            <\/span>\r\n                        <\/div>\r\n                    <\/a>\r\n                                    <a href=\"https:\/\/www.primor.eu\/pt_pt\/biotherm-biosource-tonico-piel-seca-28604.html\" class=\"product-item grid-table-rows\" target=\"_blank\">\r\n                        <div>\r\n                            <img decoding=\"async\" class=\"product-img\" width=\"80px\" height=\"80px\" src=\"https:\/\/www.primor.eu\/blog\/pt\/wp-content\/uploads\/2024\/09\/M_0TF11881_1_a4bd.jpg\" alt=\"\" title=\"\">\r\n                        <\/div>\r\n\r\n                        <!-- Contenido de producto  -->\r\n                        <div>\r\n                            <div class=\"product-position\">\r\n                                #5                            <\/div>\r\n\r\n                            <h2>\r\n                                Biotherm Biosource Dry Skin Toner                            <\/h2>\r\n                        <\/div>\r\n\r\n                        <!-- Imagen y\/o nombre de la marca -->\r\n                        <div>\r\n                                                            <img decoding=\"async\" width=\"70\" src=\"https:\/\/www.primor.eu\/blog\/pt\/wp-content\/uploads\/2024\/09\/biotherm.png\" alt=\"\" title=\"\">\r\n                                                    <\/div>\r\n\r\n                        <!-- Puntuaci\u00f3n del producto  -->\r\n                        <div class=\"rating\">\r\n                                                            <div class=\"rate\" style=\"--p:100;\"><\/div>\r\n                                <b>5\/5<\/b>\r\n                                <div class=\"rate-stars\">\r\n                                                                            <div\r\n                                            class=\"rate-star  \">\r\n                                        <\/div>\r\n                                                                            <div\r\n                                            class=\"rate-star  \">\r\n                                        <\/div>\r\n                                                                            <div\r\n                                            class=\"rate-star  \">\r\n                                        <\/div>\r\n                                                                            <div\r\n                                            class=\"rate-star  \">\r\n                                        <\/div>\r\n                                                                            <div\r\n                                            class=\"rate-star  \">\r\n                                        <\/div>\r\n                                                                    <\/div>\r\n                                                    <\/div>\r\n\r\n                        <!-- Bot\u00f3n de producto  -->\r\n                        <div>\r\n                            <span class=\"price-claim\">\r\n                                VER PRE\u00c7O                            <\/span>\r\n                        <\/div>\r\n                    <\/a>\r\n                            <\/product-list>\r\n        <\/product-table>\r\n\r\n        \n\n\n\n<h3 class=\"wp-block-heading\">La Mer The Essential Tonic<\/h3>\n\n\n\n<p>Desenhada para ser aplicada logo ap\u00f3s a limpeza, a sua textura fluida e fresca proporciona uma hidrata\u00e7\u00e3o reconfortante imediata, preparando a pele para os tratamentos seguintes. Com o uso continuado, a pele torna-se mais lisa, radiante e visivelmente mais uniforme. Equilibra e hidrata a pele ap\u00f3s a limpeza, acalma e alivia irrita\u00e7\u00f5es ao contacto, melhora a recetividade da pele aos tratamentos e, com o uso regular, a pele parece mais lisa e com um tom uniforme.<\/p>\n\n\n\n    <a class='product' target='_blank' href='https:\/\/www.primor.eu\/pt_pt\/la-mer-the-essential-tonico-96536.html'>\r\n        <img fetchpriority=\"high\" decoding=\"async\" width=\"300\" height=\"300\" loading=\"async\" src=\"https:\/\/cdn2.primor.eu\/media\/catalog\/product\/cache\/8d3aba296f7a18b5251ee30fa5db42b2\/7\/4\/747930107743_1_e8a4.jpg\" alt=\"\" title=\"\">\r\n            <div class=\"claim\">\r\n                 COMPRAR AGORA            <\/div>\r\n        <\/a>\r\n    \n\n\n\n<h3 class=\"wp-block-heading\">3ina The White Toner<\/h3>\n\n\n\n<p>Este t\u00f3nico suaviza, purifica a pele e previne a desidrata\u00e7\u00e3o cut\u00e2nea. O <strong>The White Toner<\/strong> refresca e tonifica, ajudando a obter uma pele suave e uniforme. Com <strong>2% de \u00e1cido succ\u00ednico<\/strong>, reduz o excesso de sebo, melhora a apar\u00eancia dos poros, minimiza acne e manchas. O <strong>2,5% de beta\u00edna natural<\/strong> equilibra a hidrata\u00e7\u00e3o da pele, prevenindo a desidrata\u00e7\u00e3o.<\/p>\n\n\n\n    <a class='product' target='_blank' href='https:\/\/www.primor.eu\/pt_pt\/3ina-the-white-toner-92527.html'>\r\n        <img decoding=\"async\" width=\"300\" height=\"300\" loading=\"async\" src=\"https:\/\/cdn2.primor.eu\/media\/catalog\/product\/cache\/8d3aba296f7a18b5251ee30fa5db42b2\/8\/4\/8435446420853_1_1ab5.jpg\" alt=\"\" title=\"\">\r\n            <div class=\"claim\">\r\n                 COMPRAR AGORA            <\/div>\r\n        <\/a>\r\n    \n\n\n\n<h3 class=\"wp-block-heading\">Lancaster Refreshing Express Cleanser T\u00f3nico de limpeza<\/h3>\n\n\n\n<p><strong>Lancaster Refreshing Express Cleanser T\u00f3nico de Limpeza<\/strong> remove de forma suave e eficaz a maquilhagem do rosto e dos olhos, incluindo a maquilhagem mais resistente e \u00e0 prova de \u00e1gua.<\/p>\n\n\n\n<p>Com <strong>filtros UV<\/strong>, atua contra impurezas e res\u00edduos de polui\u00e7\u00e3o, enquanto tonifica a pele, deixando-a mais suave e uniforme. O resultado \u00e9 um aspeto mais puro, fresco e luminoso. Apto para todos os tipos de pele, \u00e9 especialmente recomendado para <strong>peles sens\u00edveis<\/strong>. Produto <strong>vegan<\/strong>.<\/p>\n\n\n\n    <a class='product' target='_blank' href='https:\/\/www.primor.eu\/pt_pt\/lancaster-gel-de-limpeza-expresso-refrescante-28471.html'>\r\n        <img decoding=\"async\" width=\"300\" height=\"300\" loading=\"async\" src=\"https:\/\/cdn2.primor.eu\/media\/catalog\/product\/cache\/8d3aba296f7a18b5251ee30fa5db42b2\/0\/T\/0TF22040_1_4410.jpg\" alt=\"\" title=\"\">\r\n            <div class=\"claim\">\r\n                 COMPRAR AGORA            <\/div>\r\n        <\/a>\r\n    \n\n\n\n<h3 class=\"wp-block-heading\">Est\u00e9e Lauder T\u00f3nico Re-Nutriv Intensive<\/h3>\n\n\n\n<p>Este <strong>t\u00f3nico \u00fanico<\/strong>, enriquecido com ouro elemental, elimina impurezas superficiais e aperfei\u00e7oa a pele, deixando-a mais lisa, suave e refrescada. Ideal para quem procura o equil\u00edbrio perfeito entre uma pele sem brilhos indesejados e uma hidrata\u00e7\u00e3o profunda.<\/p>\n\n\n\n    <a class='product' target='_blank' href='https:\/\/www.primor.eu\/pt_pt\/estee-lauder-re-nutriv-tonico-intensivo-27565.html'>\r\n        <img decoding=\"async\" width=\"300\" height=\"300\" loading=\"async\" src=\"https:\/\/cdn2.primor.eu\/media\/catalog\/product\/cache\/8d3aba296f7a18b5251ee30fa5db42b2\/0\/T\/0TF00712_1_d09d.jpg\" alt=\"\" title=\"\">\r\n            <div class=\"claim\">\r\n                 COMPRAR AGORA            <\/div>\r\n        <\/a>\r\n    \n\n\n\n<h3 class=\"wp-block-heading\">Clarins Soothing Toning Lotion<\/h3>\n\n\n\n<p>Enriquecido com <strong>extrato de camomila<\/strong>, que ajuda a acalmar a pele, este t\u00f3nico para <strong>peles sens\u00edveis e delicadas<\/strong> restaura o equil\u00edbrio da microbiota cut\u00e2nea, gra\u00e7as ao inovador <strong>Microbiote Complex<\/strong> (composto por ingredientes marinhos e polifen\u00f3is de a\u00e7afr\u00e3o). Ao mesmo tempo, uniformiza o tom da pele, deixando-a saud\u00e1vel e radiante.<\/p>\n\n\n\n    <a class='product' target='_blank' href='https:\/\/www.primor.eu\/pt_pt\/clarins-loc-o-suavizante-loc-o-suavizante-e-tonificante-pele-muito-seca-ou-sensivel-28140.html'>\r\n        <img decoding=\"async\" width=\"300\" height=\"300\" loading=\"async\" src=\"https:\/\/cdn2.primor.eu\/media\/catalog\/product\/cache\/8d3aba296f7a18b5251ee30fa5db42b2\/0\/T\/0TF19306_1_fee9.jpg\" alt=\"\" title=\"\">\r\n            <div class=\"claim\">\r\n                 COMPRAR AGORA            <\/div>\r\n        <\/a>\r\n    \n\n\n\n<h3 class=\"wp-block-heading\">Biotherm Biosource Dry Skin Toner<\/h3>\n\n\n\n<p>Este <strong>t\u00f3nico suave e sem \u00e1lcool<\/strong> remove os res\u00edduos da lo\u00e7\u00e3o de limpeza, oferecendo uma limpeza profunda e uma remo\u00e7\u00e3o eficaz da maquilhagem. Mais do que um simples t\u00f3nico, \u00e9 um <strong>tratamento antienvelhecimento<\/strong> que hidrata a pele, deixando-a luminosa, limpa e fresca.<\/p>\n\n\n\n        <div class=\"product-error\" data-ref=\"https:\/\/www.primor.eu\/pt_pt\/biotherm-biosource-tonico-piel-seca-28604.html\">\r\n            Produto indispon\u00edvel        <\/div>\r\n        \n\n\n\n<h3 class=\"wp-block-heading\">Guerlain Super Aqua Lotion<\/h3>\n\n\n\n<p>Este t\u00f3nico de beleza \u00e9 o primeiro passo essencial de hidrata\u00e7\u00e3o na rotina <strong>Guerlain Super Aqua<\/strong>. Hidrata profundamente a pele, revelando o esplendor da tez logo ap\u00f3s a aplica\u00e7\u00e3o. A sua textura fresca, envolvente e deliciosamente aveludada oferece uma sensa\u00e7\u00e3o incompar\u00e1vel de frescura e bem-estar. Com a pele refor\u00e7ada, ela fica mais lisa, suave e luminosa.<\/p>\n\n\n\n    <a class='product' target='_blank' href='https:\/\/www.primor.eu\/pt_pt\/guerlain-loc-o-super-aqua-14535.html'>\r\n        <img decoding=\"async\" width=\"300\" height=\"300\" loading=\"async\" src=\"https:\/\/cdn2.primor.eu\/media\/catalog\/product\/cache\/8d3aba296f7a18b5251ee30fa5db42b2\/0\/T\/0TN01781_1_b4cf.jpg\" alt=\"\" title=\"\">\r\n            <div class=\"claim\">\r\n                 COMPRAR AGORA            <\/div>\r\n        <\/a>\r\n    \n\n\n\n<h3 class=\"wp-block-heading\">The Saem T\u00f3nico Facial Hidratante Island<\/h3>\n\n\n\n<p>Este <strong>t\u00f3nico facial ligeiramente \u00e1cido<\/strong> hidrata profundamente, deixando a pele fresca e radiante. Enriquecido com <strong>\u00e1gua mineral da Isl\u00e2ndia<\/strong>, proporciona uma sensa\u00e7\u00e3o de pureza e revitaliza\u00e7\u00e3o imediata.<\/p>\n\n\n\n    <a class='product' target='_blank' href='https:\/\/www.primor.eu\/pt_pt\/the-saem-tonico-facial-hidratante-islandia-16830.html'>\r\n        <img decoding=\"async\" width=\"300\" height=\"300\" loading=\"async\" src=\"https:\/\/cdn2.primor.eu\/media\/catalog\/product\/cache\/8d3aba296f7a18b5251ee30fa5db42b2\/0\/T\/0TF20873_1_4b04.jpg\" alt=\"\" title=\"\">\r\n            <div class=\"claim\">\r\n                 COMPRAR AGORA            <\/div>\r\n        <\/a>\r\n    \n\n\n\n<h3 class=\"wp-block-heading\">Byphasse T\u00f3nico Sensi Fresh Pele Sens\u00edvel<\/h3>\n\n\n\n<p>Nutre e protege a pele sens\u00edvel de irrita\u00e7\u00f5es, proporcionando frescura e luminosidade. A sua f\u00f3rmula suave limpa impurezas, deixando a pele macia e pronta para os cuidados seguintes.<\/p>\n\n\n\n    <a class='product' target='_blank' href='https:\/\/www.primor.eu\/pt_pt\/byphasse-sensi-fresh-tonico-para-a-pele-sensivel-27729.html'>\r\n        <img decoding=\"async\" width=\"300\" height=\"300\" loading=\"async\" src=\"https:\/\/cdn2.primor.eu\/media\/catalog\/product\/cache\/9e5ef7b71d0e79a1f437caf9153d1c82\/8\/4\/8436097095582_9c36.jpg\" alt=\"\" title=\"\">\r\n            <div class=\"claim\">\r\n                 COMPRAR AGORA            <\/div>\r\n        <\/a>\r\n    \n\n\n\n<h3 class=\"wp-block-heading\">Kiehl's Ultra Facial Toner <\/h3>\n\n\n\n<p>Com <strong>\u00f3leo de caro\u00e7o de alperce<\/strong>, <strong>esqualano<\/strong> e <strong>vitamina E<\/strong>, tonifica, hidrata e mant\u00e9m o pH da pele equilibrado, sem secar nem retirar os \u00f3leos naturais. Limpa suavemente as impurezas e prepara a pele para uma hidrata\u00e7\u00e3o completa. Sem \u00e1lcool, \u00e9 perfeito para uma pele fresca e saud\u00e1vel. <\/p>\n\n\n\n    <a class='product' target='_blank' href='https:\/\/www.primor.eu\/pt_pt\/the-saem-derma-plan-facial-toner-16851.html'>\r\n        <img decoding=\"async\" width=\"300\" height=\"300\" loading=\"async\" src=\"https:\/\/cdn2.primor.eu\/media\/catalog\/product\/cache\/8d3aba296f7a18b5251ee30fa5db42b2\/0\/T\/0TF20891_1_17da.jpg\" alt=\"\" title=\"\">\r\n            <div class=\"claim\">\r\n                 COMPRAR AGORA            <\/div>\r\n        <\/a>\r\n    \n\n\n\n<h3 class=\"wp-block-heading\">Kueshi T\u00f3nico Facial Revitalizante<\/h3>\n\n\n\n<p>O <strong>T\u00f3nico Facial Revitalizante Kueshi<\/strong> proporciona \u00e0 pele hidrata\u00e7\u00e3o e equil\u00edbrio, deixando-a fresca e suave. Com uma f\u00f3rmula rica em <strong>alo\u00e9 vera<\/strong>, <strong>camomila<\/strong> e <strong>cal\u00eandula<\/strong>, hidrata, acalma e restaura a pele, conferindo-lhe um aspeto mais saud\u00e1vel enquanto limpa profundamente.<\/p>\n\n\n\n<p>Especialmente desenvolvido para <strong>peles sens\u00edveis<\/strong>, \u00e9 delicado e eficaz, garantindo conforto e revitaliza\u00e7\u00e3o ao rosto.<\/p>\n\n\n\n    <a class='product' target='_blank' href='https:\/\/www.primor.eu\/pt_pt\/kueshi-tonico-facial-revitalizante-28069.html'>\r\n        <img decoding=\"async\" width=\"300\" height=\"300\" loading=\"async\" src=\"https:\/\/cdn2.primor.eu\/media\/catalog\/product\/cache\/8d3aba296f7a18b5251ee30fa5db42b2\/0\/T\/0TF17201_1_06bc.jpg\" alt=\"\" title=\"\">\r\n            <div class=\"claim\">\r\n                 COMPRAR AGORA            <\/div>\r\n        <\/a>\r\n    \n\n\n\n<h3 class=\"wp-block-heading\">Ziaja Natural Care T\u00f3nico Facial<\/h3>\n\n\n\n<p><strong>Ziaja Natural Care T\u00f3nico Facial<\/strong> cont\u00e9m 99% de ingredientes naturais e \u00e9 adequado para todos os tipos de pele, incluindo as mais sens\u00edveis. Limpa e acalma a pele suavemente, sem alterar o pH natural. Tamb\u00e9m remove maquilhagem de forma delicada, sendo seguro at\u00e9 para as pestanas, e deixa um aroma agrad\u00e1vel. Produto <strong>vegan<\/strong>.<\/p>\n\n\n\n    <a class='product' target='_blank' href='https:\/\/www.primor.eu\/pt_pt\/ziaja-tonico-facial-natural-care-70238.html'>\r\n        <img decoding=\"async\" width=\"300\" height=\"300\" loading=\"async\" src=\"https:\/\/cdn2.primor.eu\/media\/catalog\/product\/cache\/8d3aba296f7a18b5251ee30fa5db42b2\/0\/T\/0TF23134_1_b048.jpg\" alt=\"\" title=\"\">\r\n            <div class=\"claim\">\r\n                 COMPRAR AGORA            <\/div>\r\n        <\/a>\r\n    \n\n\n\n<h3 class=\"wp-block-heading\">Daily Care T\u00f3nico de Rilastil<\/h3>\n\n\n\n<p>Hidratante e calmante ideal para peles sens\u00edveis, tonifica, refresca, suaviza e fecha os poros, proporcionando uma limpeza profunda.<\/p>\n\n\n\n    <a class='product' target='_blank' href='https:\/\/www.primor.eu\/pt_pt\/rilastil-tonico-de-cuidado-diario-60870.html'>\r\n        <img decoding=\"async\" width=\"300\" height=\"300\" loading=\"async\" src=\"https:\/\/cdn2.primor.eu\/media\/catalog\/product\/cache\/8d3aba296f7a18b5251ee30fa5db42b2\/6\/X\/6XS15041_1_44e2.jpg\" alt=\"\" title=\"\">\r\n            <div class=\"claim\">\r\n                 COMPRAR AGORA            <\/div>\r\n        <\/a>\r\n    \n\n\n\n<p><\/p>\n","protected":false},"excerpt":{"rendered":"<p>Os t\u00f3nicos s\u00e3o frequentemente esquecidos, mas desempenham um papel essencial no cuidado da pele. Al\u00e9m de tonificarem e proporcionarem hidrata\u00e7\u00e3o, eliminam as c\u00e9lulas mortas e impurezas da superf\u00edcie do rosto, deixando a pele mais limpa e fresca. S\u00e3o particularmente ben\u00e9ficos para peles sens\u00edveis, uma vez que preparam a pele para absorver melhor outros produtos, aumentando [&hellip;]<\/p>\n","protected":false},"author":6,"featured_media":1238,"comment_status":"closed","ping_status":"closed","sticky":false,"template":"","format":"standard","meta":{"jnews-multi-image_gallery":[],"jnews_single_post":{"subtitle":"","format":"standard","video":"","gallery":"","source_name":"","source_url":"","via_name":"","via_url":"","override_template":"0","override":[{"template":"1","single_blog_custom":"","parallax":"1","fullscreen":"1","layout":"right-sidebar","sidebar":"default-sidebar","second_sidebar":"default-sidebar","sticky_sidebar":"0","share_position":"float","share_float_style":"share-monocrhome","show_share_counter":"0","show_view_counter":"0","show_featured":"1","show_post_meta":"1","show_post_author":"0","show_post_author_image":"1","show_post_date":"1","post_date_format":"default","post_date_format_custom":"Y\/m\/d","show_post_category":"1","show_post_reading_time":"0","post_reading_time_wpm":"300","show_zoom_button":"0","zoom_button_out_step":"2","zoom_button_in_step":"3","show_post_tag":"0","show_prev_next_post":"0","show_popup_post":"0","number_popup_post":"2","show_author_box":"0","show_post_related":"0","show_inline_post_related":"1"}],"override_image_size":"0","image_override":[{"single_post_thumbnail_size":"no-crop","single_post_gallery_size":"crop-500"}],"trending_post":"0","trending_post_position":"meta","trending_post_label":"Trending","sponsored_post":"0","sponsored_post_label":"Sponsored by","sponsored_post_name":"","sponsored_post_url":"","sponsored_post_logo_enable":"0","sponsored_post_logo":"","sponsored_post_desc":"","disable_ad":"0"},"jnews_primary_category":{"id":"","hide":""},"jnews_social_meta":{"fb_title":"","fb_description":"","fb_image":"","twitter_title":"","twitter_description":"","twitter_image":""},"jnews_override_counter":{"override_view_counter":"0","view_counter_number":"0","override_share_counter":"0","share_counter_number":"0","override_like_counter":"0","like_counter_number":"0","override_dislike_counter":"0","dislike_counter_number":"0"},"footnotes":""},"categories":[4,8],"tags":[],"class_list":["post-1225","post","type-post","status-publish","format-standard","has-post-thumbnail","hentry","category-cosmetica","category-dicas-de-beleza"],"_links":{"self":[{"href":"https:\/\/www.primor.eu\/blog\/pt\/wp-json\/wp\/v2\/posts\/1225","targetHints":{"allow":["GET"]}}],"collection":[{"href":"https:\/\/www.primor.eu\/blog\/pt\/wp-json\/wp\/v2\/posts"}],"about":[{"href":"https:\/\/www.primor.eu\/blog\/pt\/wp-json\/wp\/v2\/types\/post"}],"author":[{"embeddable":true,"href":"https:\/\/www.primor.eu\/blog\/pt\/wp-json\/wp\/v2\/users\/6"}],"replies":[{"embeddable":true,"href":"https:\/\/www.primor.eu\/blog\/pt\/wp-json\/wp\/v2\/comments?post=1225"}],"version-history":[{"count":6,"href":"https:\/\/www.primor.eu\/blog\/pt\/wp-json\/wp\/v2\/posts\/1225\/revisions"}],"predecessor-version":[{"id":6183,"href":"https:\/\/www.primor.eu\/blog\/pt\/wp-json\/wp\/v2\/posts\/1225\/revisions\/6183"}],"wp:featuredmedia":[{"embeddable":true,"href":"https:\/\/www.primor.eu\/blog\/pt\/wp-json\/wp\/v2\/media\/1238"}],"wp:attachment":[{"href":"https:\/\/www.primor.eu\/blog\/pt\/wp-json\/wp\/v2\/media?parent=1225"}],"wp:term":[{"taxonomy":"category","embeddable":true,"href":"https:\/\/www.primor.eu\/blog\/pt\/wp-json\/wp\/v2\/categories?post=1225"},{"taxonomy":"post_tag","embeddable":true,"href":"https:\/\/www.primor.eu\/blog\/pt\/wp-json\/wp\/v2\/tags?post=1225"}],"curies":[{"name":"wp","href":"https:\/\/api.w.org\/{rel}","templated":true}]}}