
{"id":1098,"date":"2024-08-08T11:46:53","date_gmt":"2024-08-08T10:46:53","guid":{"rendered":"https:\/\/www.primor.eu\/blog\/pt\/?p=1098"},"modified":"2026-01-29T09:02:18","modified_gmt":"2026-01-29T09:02:18","slug":"melhores-brumas-faciais","status":"publish","type":"post","link":"https:\/\/www.primor.eu\/blog\/pt\/melhores-brumas-faciais\/","title":{"rendered":"As 9 melhores brumas faciais de 2026"},"content":{"rendered":"\n<p>Notas a tua pele seca ou desprotegida? <strong>Talvez precises de usar boas brumas faciais<\/strong>. Contamos-te como podes utiliz\u00e1-las e onde podes encontrar as melhores para tirares o m\u00e1ximo proveito.<\/p>\n\n\n\n<h2 class=\"wp-block-heading\">O que \u00e9 uma bruma facial?<\/h2>\n\n\n\n<p>Atenta, porque as vais adorar e nunca encontrar\u00e1s duas iguais. As brumas faciais e \u00e1guas termais procedem da \u00e1gua da chuva que viaja filtrando-se entre as rochas e que<strong> se nutre com os minerais da terra<\/strong>. A sua temperatura depende da profundidade do seu caminho. Al\u00e9m disso, nos \u00faltimos anos, t\u00eam sido adicionados filtros solares que as tornam um dos formatos de<strong> protetores solares<\/strong> mais procurados.<\/p>\n\n\n\n<h2 class=\"wp-block-heading\">Benef\u00edcios das brumas faciais<\/h2>\n\n\n\n<p>Os seus benef\u00edcios variam de acordo com a composi\u00e7\u00e3o que absorveram durante o seu percurso. No entanto, sempre se nutrem destes minerais:<\/p>\n\n\n\n<ul class=\"wp-block-list\">\n<li><strong>Propriedades cicatrizantes e anti-inflamat\u00f3rias<\/strong> (gra\u00e7as ao sel\u00e9nio).<\/li>\n\n\n\n<li><strong>Propriedades regenerantes celulares<\/strong> que estimulam a renova\u00e7\u00e3o epid\u00e9rmica (gra\u00e7as ao sil\u00edcio e magn\u00e9sio).<\/li>\n\n\n\n<li><strong>Propriedades oxigenantes celulares<\/strong> (gra\u00e7as ao ferro).<\/li>\n\n\n\n<li><strong>Propriedades antioxidantes e hidratantes<\/strong> (gra\u00e7as ao mangan\u00eas).<\/li>\n\n\n\n<li><strong>Propriedades protetoras dos tecidos<\/strong> (gra\u00e7as ao c\u00e1lcio).<\/li>\n\n\n\n<li><strong>Propriedades anti-inflamat\u00f3rias e antibacterianas<\/strong> (gra\u00e7as ao zinco e cobre).<\/li>\n<\/ul>\n\n\n\n<p>\u00c9 por isso que as \u00e1guas termais ou brumas faciais se tornaram num dos essenciais de beleza, j\u00e1 que s\u00e3o ideais para peles sens\u00edveis, at\u00f3picas ou com tend\u00eancia a rea\u00e7\u00f5es al\u00e9rgicas, pois, ao terem uma composi\u00e7\u00e3o 100% de \u00e1gua termal, n\u00e3o incomodam a pele.<\/p>\n\n\n\n<ul class=\"wp-block-list\">\n<li><strong>Bruma facial hidratante<\/strong>. S\u00e3o as cl\u00e1ssicas. Encarregam-se de hidratar.<\/li>\n\n\n\n<li><strong>Brumas faciais solares<\/strong>. Incluem filtros solares que te protegem contra agentes externos que possam enfraquecer a tua pele.<\/li>\n<\/ul>\n\n\n\n<h2 class=\"wp-block-heading\">7 usos que podes dar \u00e0 tua bruma facial<\/h2>\n\n\n\n<ol class=\"wp-block-list\">\n<li><strong>Cicatrizam<\/strong>. Para isso, assegura-te que t\u00eam zinco, cobre e sel\u00e9nio. Estes tr\u00eas ingredientes ativam a s\u00edntese de colag\u00e9nio e elastina, reduzindo assim o tempo de cicatriza\u00e7\u00e3o de feridas superficiais.<\/li>\n\n\n\n<li><strong>Hidratam<\/strong>. S\u00e3o perfeitas para climas secos e at\u00e9 para aqueles dias em que n\u00e3o tens tempo nem para aplicar o hidratante. Notar\u00e1s a tua derme super hidratada e com um efeito aveludado. Al\u00e9m disso, podes reaplicar sempre que quiseres.<\/li>\n\n\n\n<li><strong>Picadas<\/strong>. Gra\u00e7as ao c\u00e1lcio, mitigam a comich\u00e3o e reduzem o incha\u00e7o das picadas. Ideais para mosquitos, aranhas (e medusas).<\/li>\n\n\n\n<li><strong>Reduzem o envelhecimento prematuro<\/strong>. O mangan\u00eas e o magn\u00e9sio proteger\u00e3o a tua pele dos radicais livres!<\/li>\n\n\n\n<li><strong>Ap\u00f3s peeling<\/strong>. Tens a pele sens\u00edvel, ent\u00e3o usa a bruma facial! Estabiliza o pH da pele, ajudando a regenerar-se e a eliminar a sensa\u00e7\u00e3o de queimadura. Tamb\u00e9m \u00e9 \u00f3tima para depois do gin\u00e1sio.<\/li>\n\n\n\n<li><strong>Para desmaquilhar<\/strong>. E aten\u00e7\u00e3o, serve tanto para antes como para depois. Se vais maquilhar-te, a \u00e1gua termal ajudar\u00e1 a fixar a tua base, e se, por outro lado, o que queres \u00e9 retir\u00e1-la, ajudar-te-\u00e1 a desfaz\u00ea-la sem grande esfor\u00e7o.<\/li>\n\n\n\n<li><strong>Ap\u00f3s o gin\u00e1sio<\/strong>. Eliminam a sensa\u00e7\u00e3o de queimadura depois do exerc\u00edcio.<\/li>\n<\/ol>\n\n\n\n<h2 class=\"wp-block-heading\">As melhores brumas faciais das Perfumarias Primor<\/h2>\n\n\n        <product-table >\r\n            <product-headers class=\"grid-table-rows\">\r\n                <div>Foto<\/div>\r\n                <div>Produto<\/div>\r\n                <div>Marca<\/div>\r\n                <div>Avalia\u00e7\u00f5es<\/div>\r\n                <div>Pre\u00e7o<\/div>\r\n            <\/product-headers>\r\n\r\n            <product-list>\r\n                                    <a href=\"https:\/\/www.primor.eu\/pt_pt\/la-roche-posay-nevoa-facial-invisivel-anthelios-55012.html\" class=\"product-item grid-table-rows\" target=\"_blank\">\r\n                        <div>\r\n                            <img decoding=\"async\" class=\"product-img\" width=\"80px\" height=\"80px\" src=\"https:\/\/www.primor.eu\/blog\/pt\/wp-content\/uploads\/2024\/09\/6XS08579_1_3168.jpg\" alt=\"\" title=\"\">\r\n                        <\/div>\r\n\r\n                        <!-- Contenido de producto  -->\r\n                        <div>\r\n                            <div class=\"product-position\">\r\n                                #1 Mais Vendidos                            <\/div>\r\n\r\n                            <h2>\r\n                                Anthelios Bruma Facial Invis\u00edvel                            <\/h2>\r\n                        <\/div>\r\n\r\n                        <!-- Imagen y\/o nombre de la marca -->\r\n                        <div>\r\n                                                            <img decoding=\"async\" width=\"70\" src=\"https:\/\/www.primor.eu\/blog\/pt\/wp-content\/uploads\/2024\/09\/la-roche-posay.png\" alt=\"\" title=\"\">\r\n                                                    <\/div>\r\n\r\n                        <!-- Puntuaci\u00f3n del producto  -->\r\n                        <div class=\"rating\">\r\n                                                            <div class=\"rate\" style=\"--p:100;\"><\/div>\r\n                                <b>5\/5<\/b>\r\n                                <div class=\"rate-stars\">\r\n                                                                            <div\r\n                                            class=\"rate-star  \">\r\n                                        <\/div>\r\n                                                                            <div\r\n                                            class=\"rate-star  \">\r\n                                        <\/div>\r\n                                                                            <div\r\n                                            class=\"rate-star  \">\r\n                                        <\/div>\r\n                                                                            <div\r\n                                            class=\"rate-star  \">\r\n                                        <\/div>\r\n                                                                            <div\r\n                                            class=\"rate-star  \">\r\n                                        <\/div>\r\n                                                                    <\/div>\r\n                                                    <\/div>\r\n\r\n                        <!-- Bot\u00f3n de producto  -->\r\n                        <div>\r\n                            <span class=\"price-claim\">\r\n                                VER PRE\u00c7O                            <\/span>\r\n                        <\/div>\r\n                    <\/a>\r\n                                    <a href=\"https:\/\/www.primor.eu\/pt_pt\/delial-nevoa-facial-hidratante-avancada-sensivel-55005.html\" class=\"product-item grid-table-rows\" target=\"_blank\">\r\n                        <div>\r\n                            <img decoding=\"async\" class=\"product-img\" width=\"80px\" height=\"80px\" src=\"https:\/\/www.primor.eu\/blog\/pt\/wp-content\/uploads\/2024\/09\/0TS02450_1_acf2.jpg\" alt=\"\" title=\"\">\r\n                        <\/div>\r\n\r\n                        <!-- Contenido de producto  -->\r\n                        <div>\r\n                            <div class=\"product-position\">\r\n                                #2                            <\/div>\r\n\r\n                            <h2>\r\n                                Hidratante Sensitive Advanced                             <\/h2>\r\n                        <\/div>\r\n\r\n                        <!-- Imagen y\/o nombre de la marca -->\r\n                        <div>\r\n                                                            <img decoding=\"async\" width=\"70\" src=\"https:\/\/www.primor.eu\/blog\/pt\/wp-content\/uploads\/2024\/09\/Garnier.jpg\" alt=\"\" title=\"\">\r\n                                                    <\/div>\r\n\r\n                        <!-- Puntuaci\u00f3n del producto  -->\r\n                        <div class=\"rating\">\r\n                                                            <div class=\"rate\" style=\"--p:80;\"><\/div>\r\n                                <b>4\/5<\/b>\r\n                                <div class=\"rate-stars\">\r\n                                                                            <div\r\n                                            class=\"rate-star  \">\r\n                                        <\/div>\r\n                                                                            <div\r\n                                            class=\"rate-star  \">\r\n                                        <\/div>\r\n                                                                            <div\r\n                                            class=\"rate-star  \">\r\n                                        <\/div>\r\n                                                                            <div\r\n                                            class=\"rate-star  \">\r\n                                        <\/div>\r\n                                                                            <div\r\n                                            class=\"rate-star disable \">\r\n                                        <\/div>\r\n                                                                    <\/div>\r\n                                                    <\/div>\r\n\r\n                        <!-- Bot\u00f3n de producto  -->\r\n                        <div>\r\n                            <span class=\"price-claim\">\r\n                                VER PRE\u00c7O                            <\/span>\r\n                        <\/div>\r\n                    <\/a>\r\n                                    <a href=\"https:\/\/www.primor.eu\/pt_pt\/clarins-hydra-essentiel-nevoa-hidratante-16521.html\" class=\"product-item grid-table-rows\" target=\"_blank\">\r\n                        <div>\r\n                            <img decoding=\"async\" class=\"product-img\" width=\"80px\" height=\"80px\" src=\"https:\/\/www.primor.eu\/blog\/pt\/wp-content\/uploads\/2024\/09\/0TF20409_1_b89e.jpg\" alt=\"\" title=\"\">\r\n                        <\/div>\r\n\r\n                        <!-- Contenido de producto  -->\r\n                        <div>\r\n                            <div class=\"product-position\">\r\n                                #3                            <\/div>\r\n\r\n                            <h2>\r\n                                Bruma Hydra Essentiel                            <\/h2>\r\n                        <\/div>\r\n\r\n                        <!-- Imagen y\/o nombre de la marca -->\r\n                        <div>\r\n                                                            <img decoding=\"async\" width=\"70\" src=\"https:\/\/www.primor.eu\/blog\/pt\/wp-content\/uploads\/2024\/09\/clarins.png\" alt=\"\" title=\"\">\r\n                                                    <\/div>\r\n\r\n                        <!-- Puntuaci\u00f3n del producto  -->\r\n                        <div class=\"rating\">\r\n                                                            <div class=\"rate\" style=\"--p:100;\"><\/div>\r\n                                <b>5\/5<\/b>\r\n                                <div class=\"rate-stars\">\r\n                                                                            <div\r\n                                            class=\"rate-star  \">\r\n                                        <\/div>\r\n                                                                            <div\r\n                                            class=\"rate-star  \">\r\n                                        <\/div>\r\n                                                                            <div\r\n                                            class=\"rate-star  \">\r\n                                        <\/div>\r\n                                                                            <div\r\n                                            class=\"rate-star  \">\r\n                                        <\/div>\r\n                                                                            <div\r\n                                            class=\"rate-star  \">\r\n                                        <\/div>\r\n                                                                    <\/div>\r\n                                                    <\/div>\r\n\r\n                        <!-- Bot\u00f3n de producto  -->\r\n                        <div>\r\n                            <span class=\"price-claim\">\r\n                                VER PRE\u00c7O                            <\/span>\r\n                        <\/div>\r\n                    <\/a>\r\n                                    <a href=\"https:\/\/www.primor.eu\/pt_pt\/lancaster-protetor-solar-em-nevoa-sun-sport-112919.html\" class=\"product-item grid-table-rows\" target=\"_blank\">\r\n                        <div>\r\n                            <img decoding=\"async\" class=\"product-img\" width=\"80px\" height=\"80px\" src=\"https:\/\/www.primor.eu\/blog\/pt\/wp-content\/uploads\/2024\/09\/MAIN_3616302514502_c7c7.jpeg\" alt=\"\" title=\"\">\r\n                        <\/div>\r\n\r\n                        <!-- Contenido de producto  -->\r\n                        <div>\r\n                            <div class=\"product-position\">\r\n                                #4                            <\/div>\r\n\r\n                            <h2>\r\n                                Sun Sport Bruma Corporal                            <\/h2>\r\n                        <\/div>\r\n\r\n                        <!-- Imagen y\/o nombre de la marca -->\r\n                        <div>\r\n                                                            <img decoding=\"async\" width=\"70\" src=\"https:\/\/www.primor.eu\/blog\/pt\/wp-content\/uploads\/2024\/09\/lancaster.png\" alt=\"\" title=\"\">\r\n                                                    <\/div>\r\n\r\n                        <!-- Puntuaci\u00f3n del producto  -->\r\n                        <div class=\"rating\">\r\n                                                            <div class=\"rate\" style=\"--p:100;\"><\/div>\r\n                                <b>5\/5<\/b>\r\n                                <div class=\"rate-stars\">\r\n                                                                            <div\r\n                                            class=\"rate-star  \">\r\n                                        <\/div>\r\n                                                                            <div\r\n                                            class=\"rate-star  \">\r\n                                        <\/div>\r\n                                                                            <div\r\n                                            class=\"rate-star  \">\r\n                                        <\/div>\r\n                                                                            <div\r\n                                            class=\"rate-star  \">\r\n                                        <\/div>\r\n                                                                            <div\r\n                                            class=\"rate-star  \">\r\n                                        <\/div>\r\n                                                                    <\/div>\r\n                                                    <\/div>\r\n\r\n                        <!-- Bot\u00f3n de producto  -->\r\n                        <div>\r\n                            <span class=\"price-claim\">\r\n                                VER PRE\u00c7O                            <\/span>\r\n                        <\/div>\r\n                    <\/a>\r\n                                    <a href=\"https:\/\/www.primor.eu\/pt_pt\/mario-badescu-nevoa-facial-revitalizante-106370.html\" class=\"product-item grid-table-rows\" target=\"_blank\">\r\n                        <div>\r\n                            <img decoding=\"async\" class=\"product-img\" width=\"80px\" height=\"80px\" src=\"https:\/\/www.primor.eu\/blog\/pt\/wp-content\/uploads\/2024\/09\/M_0TF22615_1_86d8.jpg\" alt=\"\" title=\"\">\r\n                        <\/div>\r\n\r\n                        <!-- Contenido de producto  -->\r\n                        <div>\r\n                            <div class=\"product-position\">\r\n                                #5                            <\/div>\r\n\r\n                            <h2>\r\n                                Bruma Facial Multiusos                            <\/h2>\r\n                        <\/div>\r\n\r\n                        <!-- Imagen y\/o nombre de la marca -->\r\n                        <div>\r\n                                                            <img decoding=\"async\" width=\"70\" src=\"https:\/\/www.primor.eu\/blog\/pt\/wp-content\/uploads\/2024\/09\/Mario-Badescu.jpg\" alt=\"\" title=\"\">\r\n                                                    <\/div>\r\n\r\n                        <!-- Puntuaci\u00f3n del producto  -->\r\n                        <div class=\"rating\">\r\n                                                            <div class=\"rate\" style=\"--p:80;\"><\/div>\r\n                                <b>4\/5<\/b>\r\n                                <div class=\"rate-stars\">\r\n                                                                            <div\r\n                                            class=\"rate-star  \">\r\n                                        <\/div>\r\n                                                                            <div\r\n                                            class=\"rate-star  \">\r\n                                        <\/div>\r\n                                                                            <div\r\n                                            class=\"rate-star  \">\r\n                                        <\/div>\r\n                                                                            <div\r\n                                            class=\"rate-star  \">\r\n                                        <\/div>\r\n                                                                            <div\r\n                                            class=\"rate-star disable \">\r\n                                        <\/div>\r\n                                                                    <\/div>\r\n                                                    <\/div>\r\n\r\n                        <!-- Bot\u00f3n de producto  -->\r\n                        <div>\r\n                            <span class=\"price-claim\">\r\n                                VER PRE\u00c7O                            <\/span>\r\n                        <\/div>\r\n                    <\/a>\r\n                            <\/product-list>\r\n        <\/product-table>\r\n\r\n        \n\n\n\n<h3 class=\"wp-block-heading\">La Roche Posay Anthelios Bruma Facial Invis\u00edvel\u00a0<\/h3>\n\n\n\n<p>Proporciona uma prote\u00e7\u00e3o \u00f3tima SPF 50 refor\u00e7ada contra os raios UVA (mais rigorosa que as recomenda\u00e7\u00f5es europeias sobre produtos de prote\u00e7\u00e3o solar) gra\u00e7as ao sistema filtrante patenteado com Mexoryl XL combinado com \u00c1gua Termal de La Roche-Posay, calmante e antioxidante.<\/p>\n\n\n\n    <a class='product' target='_blank' href='https:\/\/www.primor.eu\/pt_pt\/la-roche-posay-nevoa-facial-invisivel-anthelios-55012.html'>\r\n        <img fetchpriority=\"high\" decoding=\"async\" width=\"300\" height=\"300\" loading=\"async\" src=\"https:\/\/cdn2.primor.eu\/media\/catalog\/product\/cache\/8d3aba296f7a18b5251ee30fa5db42b2\/6\/X\/6XS08579_1_3168.jpg\" alt=\"\" title=\"\">\r\n            <div class=\"claim\">\r\n                 COMPRAR AGORA            <\/div>\r\n        <\/a>\r\n    \n\n\n\n<h3 class=\"wp-block-heading\">Garnier Delial Hidratante Sensitive Advanced <\/h3>\n\n\n\n<p>Vais adorar, porque esta bruma funciona como um protetor solar facial ultraleve que protege dos efeitos nocivos do sol e da polui\u00e7\u00e3o. Perfeita para peles claras, sens\u00edveis e intolerantes ao sol. Acabamento n\u00e3o oleoso. Aplic\u00e1vel sobre a maquilhagem.<\/p>\n\n\n\n    <a class='product' target='_blank' href='https:\/\/www.primor.eu\/pt_pt\/delial-nevoa-facial-hidratante-avancada-sensivel-55005.html'>\r\n        <img decoding=\"async\" width=\"300\" height=\"300\" loading=\"async\" src=\"https:\/\/cdn2.primor.eu\/media\/catalog\/product\/cache\/8d3aba296f7a18b5251ee30fa5db42b2\/0\/T\/0TS02450_1_acf2.jpg\" alt=\"\" title=\"\">\r\n            <div class=\"claim\">\r\n                 COMPRAR AGORA            <\/div>\r\n        <\/a>\r\n    \n\n\n\n<h3 class=\"wp-block-heading\">Clarins Bruma Hydra Essentiel<\/h3>\n\n\n\n<p>Muito mais do que uma simples bruma. Apta para todos os tipos de pele, \u00e9 um elixir enriquecido com extratos de plantas que reativa a hidrata\u00e7\u00e3o natural e protege a pele das agress\u00f5es di\u00e1rias. Gra\u00e7as a ela, notar\u00e1s a pele intensamente hidratada e protegida, mais flex\u00edvel, suave e bela.<\/p>\n\n\n\n    <a class='product' target='_blank' href='https:\/\/www.primor.eu\/pt_pt\/clarins-hydra-essentiel-nevoa-hidratante-16521.html'>\r\n        <img decoding=\"async\" width=\"300\" height=\"300\" loading=\"async\" src=\"https:\/\/cdn2.primor.eu\/media\/catalog\/product\/cache\/8d3aba296f7a18b5251ee30fa5db42b2\/0\/T\/0TF20409_1_b89e.jpg\" alt=\"\" title=\"\">\r\n            <div class=\"claim\">\r\n                 COMPRAR AGORA            <\/div>\r\n        <\/a>\r\n    \n\n\n\n<h3 class=\"wp-block-heading\">Lancaster Sun Sport Bruma Corporal<\/h3>\n\n\n\n<p>A bruma corporal Sun Sport de Lancaster absorve-se instantaneamente na pele sem deixar vest\u00edgios. Desta forma, a tua derme fica protegida e hidratada, com uma prote\u00e7\u00e3o completa em movimento.<\/p>\n\n\n\n    <a class='product' target='_blank' href='https:\/\/www.primor.eu\/pt_pt\/lancaster-protetor-solar-em-nevoa-sun-sport-112919.html?#811=61770'>\r\n        <img decoding=\"async\" width=\"300\" height=\"300\" loading=\"async\" src=\"https:\/\/cdn2.primor.eu\/media\/catalog\/product\/cache\/8d3aba296f7a18b5251ee30fa5db42b2\/0\/T\/0TS02421_1_9621.jpg\" alt=\"\" title=\"\">\r\n            <div class=\"claim\">\r\n                 COMPRAR AGORA            <\/div>\r\n        <\/a>\r\n    \n\n\n\n<h3 class=\"wp-block-heading\">Mario Badescu Bruma Facial Multiusos<\/h3>\n\n\n\n<p>\u00c9 uma bruma facial multiusos, sem \u00f3leos, que hidrata e tonifica a pele. Formulada com flor de laranjeira hidratante, s\u00e1lvia reequilibrante, tomilho aclarador, alo\u00e9 vera calmante e extrato de figueira rico em minerais que suaviza a pele.<\/p>\n\n\n\n    <a class='product' target='_blank' href='https:\/\/www.primor.eu\/pt_pt\/mario-badescu-nevoa-facial-revitalizante-106370.html?#854=66535'>\r\n        <img decoding=\"async\" width=\"300\" height=\"300\" loading=\"async\" src=\"https:\/\/cdn2.primor.eu\/media\/catalog\/product\/cache\/8d3aba296f7a18b5251ee30fa5db42b2\/0\/T\/0TF22615_1_9568.jpg\" alt=\"\" title=\"\">\r\n            <div class=\"claim\">\r\n                 COMPRAR AGORA            <\/div>\r\n        <\/a>\r\n    \n\n\n\n<h3 class=\"wp-block-heading\">Anne M\u00f6ller Bruma Corporal Invis\u00edvel SPF30<\/h3>\n\n\n\n<p>\u00c9 uma bruma corporal invis\u00edvel SPF30 em spray que possui uma f\u00f3rmula inovadora sem g\u00e1s. Tamb\u00e9m conta com uma barreira antipolui\u00e7\u00e3o para desportistas num formato c\u00f3modo de 360\u00ba que oferece alta prote\u00e7\u00e3o contra a radia\u00e7\u00e3o UVA, UVB, infravermelhos e HE-VL.<\/p>\n\n\n\n    <a class='product' target='_blank' href='https:\/\/www.primor.eu\/pt_pt\/anne-moller-bruma-corporal-invisible-spf30-78665.html'>\r\n        <img decoding=\"async\" width=\"300\" height=\"300\" loading=\"async\" src=\"https:\/\/cdn2.primor.eu\/media\/catalog\/product\/cache\/8d3aba296f7a18b5251ee30fa5db42b2\/b\/r\/bruma_corporal_invisible_spf30_f905.jpg\" alt=\"\" title=\"\">\r\n            <div class=\"claim\">\r\n                 COMPRAR AGORA            <\/div>\r\n        <\/a>\r\n    \n\n\n\n<h3 class=\"wp-block-heading\">WELEDA Hydramist Bruma Facial Hidratante<\/h3>\n\n\n\n<p>WELEDA Hydramist Bruma Facial Hidratante proporciona frescura e hidrata\u00e7\u00e3o instant\u00e2nea para revitalizar os sentidos. D\u00e1 \u00e0 tua pele um extra de hidrata\u00e7\u00e3o que dura at\u00e9 12 horas.<\/p>\n\n\n\n    <a class='product' target='_blank' href='https:\/\/www.primor.eu\/pt_pt\/weleda-nevoa-facial-hidratante-hydramist-16375.html'>\r\n        <img decoding=\"async\" width=\"300\" height=\"300\" loading=\"async\" src=\"https:\/\/cdn2.primor.eu\/media\/catalog\/product\/cache\/8d3aba296f7a18b5251ee30fa5db42b2\/6\/X\/6XS13599_1_c541.jpg\" alt=\"\" title=\"\">\r\n            <div class=\"claim\">\r\n                 COMPRAR AGORA            <\/div>\r\n        <\/a>\r\n    \n\n\n\n<h3 class=\"wp-block-heading\">St. Moriz Advanced Bruma Facial Autobronzeadora<\/h3>\n\n\n\n<p>A Bruma Facial Autobronzeadora Medium de St. Moriz Advanced \u00e9 a solu\u00e7\u00e3o perfeita para obter um bronzeado natural e uniforme no teu rosto. N\u00e3o \u00e9 pegajosa e aplica-se facilmente sobre a pele limpa e seca, ou at\u00e9 sobre a maquilhagem.<\/p>\n\n\n\n    <a class='product' target='_blank' href='https:\/\/www.primor.eu\/pt_pt\/st-moriz-nevoa-facial-autobronzeadora-media-97289.html'>\r\n        <img decoding=\"async\" width=\"300\" height=\"300\" loading=\"async\" src=\"https:\/\/cdn2.primor.eu\/media\/catalog\/product\/cache\/8d3aba296f7a18b5251ee30fa5db42b2\/5\/0\/5060427356031_3c09.jpg\" alt=\"\" title=\"\">\r\n            <div class=\"claim\">\r\n                 COMPRAR AGORA            <\/div>\r\n        <\/a>\r\n    \n\n\n\n<h3 class=\"wp-block-heading\">Teen Plum Rose Breeze Bruma Facial<\/h3>\n\n\n\n<p>Elaborada com \u00e1gua de rosas, conhecida pelas suas propriedades calmantes e antioxidantes, esta bruma facial da TEEN PLUM \u00e9 o toque de frescura que a tua pele precisa. Cada vaporiza\u00e7\u00e3o proporciona hidrata\u00e7\u00e3o instant\u00e2nea, suavizando a pele de imediato. A sua textura leve e n\u00e3o oleosa \u00e9 rapidamente absorvida, deixando o teu rosto com uma sensa\u00e7\u00e3o fresca e luminosa.<\/p>\n\n\n\n    <a class='product' target='_blank' href='https:\/\/www.primor.eu\/pt_pt\/teen-plum-nevoa-facial-rose-breeze-91893.html'>\r\n        <img decoding=\"async\" width=\"300\" height=\"300\" loading=\"async\" src=\"https:\/\/cdn2.primor.eu\/media\/catalog\/product\/cache\/9e5ef7b71d0e79a1f437caf9153d1c82\/T\/P\/TP_43598_ROSEBREEZE_913e.jpg\" alt=\"\" title=\"\">\r\n            <div class=\"claim\">\r\n                 COMPRAR AGORA            <\/div>\r\n        <\/a>\r\n    \n","protected":false},"excerpt":{"rendered":"<p>Notas a tua pele seca ou desprotegida? Talvez precises de usar boas brumas faciais. Contamos-te como podes utiliz\u00e1-las e onde podes encontrar as melhores para tirares o m\u00e1ximo proveito. O que \u00e9 uma bruma facial? Atenta, porque as vais adorar e nunca encontrar\u00e1s duas iguais. As brumas faciais e \u00e1guas termais procedem da \u00e1gua da [&hellip;]<\/p>\n","protected":false},"author":6,"featured_media":1114,"comment_status":"closed","ping_status":"closed","sticky":false,"template":"","format":"standard","meta":{"jnews-multi-image_gallery":[],"jnews_single_post":{"subtitle":"","format":"standard","video":"","gallery":"","source_name":"","source_url":"","via_name":"","via_url":"","override_template":"0","override":[{"template":"1","single_blog_custom":"","parallax":"1","fullscreen":"1","layout":"right-sidebar","sidebar":"default-sidebar","second_sidebar":"default-sidebar","sticky_sidebar":"0","share_position":"float","share_float_style":"share-monocrhome","show_share_counter":"0","show_view_counter":"0","show_featured":"1","show_post_meta":"1","show_post_author":"0","show_post_author_image":"1","show_post_date":"1","post_date_format":"default","post_date_format_custom":"Y\/m\/d","show_post_category":"1","show_post_reading_time":"0","post_reading_time_wpm":"300","show_zoom_button":"0","zoom_button_out_step":"2","zoom_button_in_step":"3","show_post_tag":"0","show_prev_next_post":"0","show_popup_post":"0","number_popup_post":"2","show_author_box":"0","show_post_related":"0","show_inline_post_related":"1"}],"override_image_size":"0","image_override":[{"single_post_thumbnail_size":"no-crop","single_post_gallery_size":"crop-500"}],"trending_post":"0","trending_post_position":"meta","trending_post_label":"Trending","sponsored_post":"0","sponsored_post_label":"Sponsored by","sponsored_post_name":"","sponsored_post_url":"","sponsored_post_logo_enable":"0","sponsored_post_logo":"","sponsored_post_desc":"","disable_ad":"0"},"jnews_primary_category":{"id":"","hide":""},"jnews_social_meta":{"fb_title":"","fb_description":"","fb_image":"","twitter_title":"","twitter_description":"","twitter_image":""},"jnews_override_counter":{"override_view_counter":"0","view_counter_number":"0","override_share_counter":"0","share_counter_number":"0","override_like_counter":"0","like_counter_number":"0","override_dislike_counter":"0","dislike_counter_number":"0"},"footnotes":""},"categories":[8,17],"tags":[],"class_list":["post-1098","post","type-post","status-publish","format-standard","has-post-thumbnail","hentry","category-dicas-de-beleza","category-solares"],"_links":{"self":[{"href":"https:\/\/www.primor.eu\/blog\/pt\/wp-json\/wp\/v2\/posts\/1098","targetHints":{"allow":["GET"]}}],"collection":[{"href":"https:\/\/www.primor.eu\/blog\/pt\/wp-json\/wp\/v2\/posts"}],"about":[{"href":"https:\/\/www.primor.eu\/blog\/pt\/wp-json\/wp\/v2\/types\/post"}],"author":[{"embeddable":true,"href":"https:\/\/www.primor.eu\/blog\/pt\/wp-json\/wp\/v2\/users\/6"}],"replies":[{"embeddable":true,"href":"https:\/\/www.primor.eu\/blog\/pt\/wp-json\/wp\/v2\/comments?post=1098"}],"version-history":[{"count":5,"href":"https:\/\/www.primor.eu\/blog\/pt\/wp-json\/wp\/v2\/posts\/1098\/revisions"}],"predecessor-version":[{"id":6180,"href":"https:\/\/www.primor.eu\/blog\/pt\/wp-json\/wp\/v2\/posts\/1098\/revisions\/6180"}],"wp:featuredmedia":[{"embeddable":true,"href":"https:\/\/www.primor.eu\/blog\/pt\/wp-json\/wp\/v2\/media\/1114"}],"wp:attachment":[{"href":"https:\/\/www.primor.eu\/blog\/pt\/wp-json\/wp\/v2\/media?parent=1098"}],"wp:term":[{"taxonomy":"category","embeddable":true,"href":"https:\/\/www.primor.eu\/blog\/pt\/wp-json\/wp\/v2\/categories?post=1098"},{"taxonomy":"post_tag","embeddable":true,"href":"https:\/\/www.primor.eu\/blog\/pt\/wp-json\/wp\/v2\/tags?post=1098"}],"curies":[{"name":"wp","href":"https:\/\/api.w.org\/{rel}","templated":true}]}}